
{"id":10086,"date":"2012-11-14T17:37:41","date_gmt":"2012-11-14T16:37:41","guid":{"rendered":"http:\/\/www.blogdelaautoescuela.com\/blog\/?p=10086"},"modified":"2012-11-14T17:37:41","modified_gmt":"2012-11-14T16:37:41","slug":"las-pantallas-tactiles-en-los-examenes-teoricos-de-conducir-como-muy-tarde-en-2014","status":"publish","type":"post","link":"https:\/\/www.blogdelaautoescuela.com\/blog\/las-pantallas-tactiles-en-los-examenes-teoricos-de-conducir-como-muy-tarde-en-2014\/","title":{"rendered":"Examenes te\u00f3ricos de conducir informatizados como muy tarde en 2014"},"content":{"rendered":"<p><img loading=\"lazy\" decoding=\"async\" class=\"aligncenter size-full wp-image-924\" title=\"test-tactiles\" src=\"http:\/\/www.blogdelaautoescuela.com\/blog\/wp-content\/uploads\/2009\/04\/test-tactiles.jpg\" alt=\"test-tactiles\" width=\"400\" height=\"285\" \/><\/p>\n<p>En algunas jefaturas provinciales de tr\u00e1fico los ex\u00e1menes de conducir ya est\u00e1n informatizados, y en el resto <strong>los ex\u00e1menes en papel pasar\u00e1n a ser historia, como muy tarde, durante el primer trimestre del 2014.<\/strong><\/p>\n<p><strong>Madrid, Barcelona, Valladolid, Cantabria y Ciudad Real <\/strong>han sido las jefaturas provinciales de Tr\u00e1fico donde se ha iniciado la implantaci\u00f3n de este <strong>m\u00e9todo informatizado con pantallas t\u00e1ctiles para hacer los examens te\u00f3ricos<\/strong>, mientras que tambi\u00e9n se ha presentado en los \u00faltimos d\u00ed\u00adas en C\u00e1diz y M\u00e1laga y pronto lo har\u00e1 en Badajoz, Huelva, Vitoria, Lleida, Sabadell (Barcelona), y Orense, entre otras jefaturas provinciales de Tr\u00e1fico.<\/p>\n<p>Antes de que acabe el a\u00f1o el <strong>cambio del papel a las pantallas t\u00e1ctiles a la hora de hacer el ex\u00e1men te\u00f3rico <\/strong>habr\u00e1 llegado a veintid\u00f3s jefaturas provinciales espa\u00f1olas y, el resto, lo har\u00e1 a finales de 2013 o en el primer trimestre de 2014.<\/p>\n<p>Seg\u00fan ha explicado <strong>Crist\u00f3bal Cremades, secretario general de la DGT<\/strong>, el examen informatizado<em> \u20ac\u0153Es un sistema que est\u00e1 dando ya muy buenos resultados en cinco provincias y ahora estamos en plena expansi\u00f3n del mismo, que llevar\u00e1 a veintid\u00f3s jefaturas a implantarlo antes de final de a\u00f1o\u20ac\u009d<\/em>. El papel quedar\u00e1 como segunda opci\u00f3n ante posibles problemas inform\u00e1ticos.<\/p>\n<p>Actualmente en Espa\u00f1a se examinan del te\u00f3rico de conducir entre 600.000 a 700.000 nuevos conductores, unos 100.000 menos que hace unos a\u00f1os, descenso provocado por la crisis econ\u00f3mica.<\/p>\n","protected":false},"excerpt":{"rendered":"<p>En algunas jefaturas provinciales de tr\u00e1fico los ex\u00e1menes de conducir ya est\u00e1n informatizados, y en el resto los ex\u00e1menes en papel pasar\u00e1n a ser historia, como muy tarde, durante el primer trimestre del 2014. Madrid, Barcelona, Valladolid, Cantabria y Ciudad Real han sido las jefaturas provinciales de Tr\u00e1fico donde se ha iniciado la implantaci\u00f3n de [&hellip;]<\/p>\n","protected":false},"author":1,"featured_media":924,"comment_status":"open","ping_status":"closed","sticky":false,"template":"","format":"standard","meta":{"footnotes":"","jetpack_publicize_message":"","jetpack_publicize_feature_enabled":true,"jetpack_social_post_already_shared":false,"jetpack_social_options":{"image_generator_settings":{"template":"highway","enabled":false},"version":2}},"categories":[7,12],"tags":[1668,1672],"class_list":["post-10086","post","type-post","status-publish","format-standard","has-post-thumbnail","hentry","category-examen-teorico","category-noticias","tag-examen-teorico","tag-noticias"],"wppr_data":[],"jetpack_publicize_connections":[],"yoast_head":"<!-- This site is optimized with the Yoast SEO plugin v24.7 - https:\/\/yoast.com\/wordpress\/plugins\/seo\/ -->\n<title>Examenes te\u00f3ricos de conducir informatizados como muy tarde en 2014<\/title>\n<meta name=\"description\" content=\"En algunas jefaturas provinciales de tr\u00e1fico los ex\u00e1menes de conducir ya est\u00e1n informatizados, y en el resto como muy tarde, durante el primer trimestre del 2014\" \/>\n<meta name=\"robots\" content=\"index, follow, max-snippet:-1, max-image-preview:large, max-video-preview:-1\" \/>\n<link rel=\"canonical\" href=\"https:\/\/www.blogdelaautoescuela.com\/blog\/las-pantallas-tactiles-en-los-examenes-teoricos-de-conducir-como-muy-tarde-en-2014\/\" \/>\n<meta property=\"og:locale\" content=\"es_ES\" \/>\n<meta property=\"og:type\" content=\"article\" \/>\n<meta property=\"og:title\" content=\"Examenes te\u00f3ricos de conducir informatizados como muy tarde en 2014\" \/>\n<meta property=\"og:description\" content=\"En algunas jefaturas provinciales de tr\u00e1fico los ex\u00e1menes de conducir ya est\u00e1n informatizados, y en el resto como muy tarde, durante el primer trimestre del 2014\" \/>\n<meta property=\"og:url\" content=\"https:\/\/www.blogdelaautoescuela.com\/blog\/las-pantallas-tactiles-en-los-examenes-teoricos-de-conducir-como-muy-tarde-en-2014\/\" \/>\n<meta property=\"og:site_name\" content=\"Blog de la autoescuela\" \/>\n<meta property=\"article:author\" content=\"https:\/\/www.facebook.com\/blogdelaautoescuela\" \/>\n<meta property=\"article:published_time\" content=\"2012-11-14T16:37:41+00:00\" \/>\n<meta property=\"og:image\" content=\"https:\/\/www.blogdelaautoescuela.com\/blog\/wp-content\/uploads\/2009\/04\/test-tactiles1.jpg\" \/>\n\t<meta property=\"og:image:width\" content=\"400\" \/>\n\t<meta property=\"og:image:height\" content=\"285\" \/>\n\t<meta property=\"og:image:type\" content=\"image\/jpeg\" \/>\n<meta name=\"author\" content=\"usr_blogauto\" \/>\n<meta name=\"twitter:label1\" content=\"Escrito por\" \/>\n\t<meta name=\"twitter:data1\" content=\"usr_blogauto\" \/>\n\t<meta name=\"twitter:label2\" content=\"Tiempo de lectura\" \/>\n\t<meta name=\"twitter:data2\" content=\"1 minuto\" \/>\n<script type=\"application\/ld+json\" class=\"yoast-schema-graph\">{\"@context\":\"https:\/\/schema.org\",\"@graph\":[{\"@type\":\"WebPage\",\"@id\":\"https:\/\/www.blogdelaautoescuela.com\/blog\/las-pantallas-tactiles-en-los-examenes-teoricos-de-conducir-como-muy-tarde-en-2014\/\",\"url\":\"https:\/\/www.blogdelaautoescuela.com\/blog\/las-pantallas-tactiles-en-los-examenes-teoricos-de-conducir-como-muy-tarde-en-2014\/\",\"name\":\"Examenes te\u00f3ricos de conducir informatizados como muy tarde en 2014\",\"isPartOf\":{\"@id\":\"https:\/\/www.blogdelaautoescuela.com\/blog\/#website\"},\"primaryImageOfPage\":{\"@id\":\"https:\/\/www.blogdelaautoescuela.com\/blog\/las-pantallas-tactiles-en-los-examenes-teoricos-de-conducir-como-muy-tarde-en-2014\/#primaryimage\"},\"image\":{\"@id\":\"https:\/\/www.blogdelaautoescuela.com\/blog\/las-pantallas-tactiles-en-los-examenes-teoricos-de-conducir-como-muy-tarde-en-2014\/#primaryimage\"},\"thumbnailUrl\":\"https:\/\/www.blogdelaautoescuela.com\/blog\/wp-content\/uploads\/2009\/04\/test-tactiles1.jpg\",\"datePublished\":\"2012-11-14T16:37:41+00:00\",\"author\":{\"@id\":\"https:\/\/www.blogdelaautoescuela.com\/blog\/#\/schema\/person\/f209a64ca5dfe74b9acb6317240e792f\"},\"description\":\"En algunas jefaturas provinciales de tr\u00e1fico los ex\u00e1menes de conducir ya est\u00e1n informatizados, y en el resto como muy tarde, durante el primer trimestre del 2014\",\"breadcrumb\":{\"@id\":\"https:\/\/www.blogdelaautoescuela.com\/blog\/las-pantallas-tactiles-en-los-examenes-teoricos-de-conducir-como-muy-tarde-en-2014\/#breadcrumb\"},\"inLanguage\":\"es\",\"potentialAction\":[{\"@type\":\"ReadAction\",\"target\":[\"https:\/\/www.blogdelaautoescuela.com\/blog\/las-pantallas-tactiles-en-los-examenes-teoricos-de-conducir-como-muy-tarde-en-2014\/\"]}]},{\"@type\":\"ImageObject\",\"inLanguage\":\"es\",\"@id\":\"https:\/\/www.blogdelaautoescuela.com\/blog\/las-pantallas-tactiles-en-los-examenes-teoricos-de-conducir-como-muy-tarde-en-2014\/#primaryimage\",\"url\":\"https:\/\/www.blogdelaautoescuela.com\/blog\/wp-content\/uploads\/2009\/04\/test-tactiles1.jpg\",\"contentUrl\":\"https:\/\/www.blogdelaautoescuela.com\/blog\/wp-content\/uploads\/2009\/04\/test-tactiles1.jpg\",\"width\":400,\"height\":285},{\"@type\":\"BreadcrumbList\",\"@id\":\"https:\/\/www.blogdelaautoescuela.com\/blog\/las-pantallas-tactiles-en-los-examenes-teoricos-de-conducir-como-muy-tarde-en-2014\/#breadcrumb\",\"itemListElement\":[{\"@type\":\"ListItem\",\"position\":1,\"name\":\"Portada\",\"item\":\"https:\/\/www.blogdelaautoescuela.com\/blog\/\"},{\"@type\":\"ListItem\",\"position\":2,\"name\":\"Examenes te\u00f3ricos de conducir informatizados como muy tarde en 2014\"}]},{\"@type\":\"WebSite\",\"@id\":\"https:\/\/www.blogdelaautoescuela.com\/blog\/#website\",\"url\":\"https:\/\/www.blogdelaautoescuela.com\/blog\/\",\"name\":\"Blog de la autoescuela\",\"description\":\"Noticias sobre autoescuelas y seguridad vial\",\"potentialAction\":[{\"@type\":\"SearchAction\",\"target\":{\"@type\":\"EntryPoint\",\"urlTemplate\":\"https:\/\/www.blogdelaautoescuela.com\/blog\/?s={search_term_string}\"},\"query-input\":{\"@type\":\"PropertyValueSpecification\",\"valueRequired\":true,\"valueName\":\"search_term_string\"}}],\"inLanguage\":\"es\"},{\"@type\":\"Person\",\"@id\":\"https:\/\/www.blogdelaautoescuela.com\/blog\/#\/schema\/person\/f209a64ca5dfe74b9acb6317240e792f\",\"name\":\"usr_blogauto\",\"image\":{\"@type\":\"ImageObject\",\"inLanguage\":\"es\",\"@id\":\"https:\/\/www.blogdelaautoescuela.com\/blog\/#\/schema\/person\/image\/\",\"url\":\"https:\/\/secure.gravatar.com\/avatar\/d3939d4ea521ac8421c86d2980321cc9?s=96&d=mm&r=g\",\"contentUrl\":\"https:\/\/secure.gravatar.com\/avatar\/d3939d4ea521ac8421c86d2980321cc9?s=96&d=mm&r=g\",\"caption\":\"usr_blogauto\"},\"description\":\"Blog dedicado a la conducci\u00f3n, las autoescuelas y la seguridad vial. Est\u00e1 creado por un grupo de profesionales de la formaci\u00f3n vial que comparten inquietudes y experiencias. Aqu\u00ed\u00ad podr\u00e1s encontrar informaci\u00f3n variada sobre el d\u00ed\u00ada a d\u00ed\u00ada de la autoescuela, ex\u00e1menes, test o novedades y consejos para una conducci\u00f3n m\u00e1s segura.\",\"sameAs\":[\"http:\/\/www.blogdelaautoescuela.com\/\",\"https:\/\/www.facebook.com\/blogdelaautoescuela\",\"https:\/\/x.com\/autoescuelas\"],\"url\":\"https:\/\/www.blogdelaautoescuela.com\/blog\/author\/usr_blogauto\/\"}]}<\/script>\n<!-- \/ Yoast SEO plugin. -->","yoast_head_json":{"title":"Examenes te\u00f3ricos de conducir informatizados como muy tarde en 2014","description":"En algunas jefaturas provinciales de tr\u00e1fico los ex\u00e1menes de conducir ya est\u00e1n informatizados, y en el resto como muy tarde, durante el primer trimestre del 2014","robots":{"index":"index","follow":"follow","max-snippet":"max-snippet:-1","max-image-preview":"max-image-preview:large","max-video-preview":"max-video-preview:-1"},"canonical":"https:\/\/www.blogdelaautoescuela.com\/blog\/las-pantallas-tactiles-en-los-examenes-teoricos-de-conducir-como-muy-tarde-en-2014\/","og_locale":"es_ES","og_type":"article","og_title":"Examenes te\u00f3ricos de conducir informatizados como muy tarde en 2014","og_description":"En algunas jefaturas provinciales de tr\u00e1fico los ex\u00e1menes de conducir ya est\u00e1n informatizados, y en el resto como muy tarde, durante el primer trimestre del 2014","og_url":"https:\/\/www.blogdelaautoescuela.com\/blog\/las-pantallas-tactiles-en-los-examenes-teoricos-de-conducir-como-muy-tarde-en-2014\/","og_site_name":"Blog de la autoescuela","article_author":"https:\/\/www.facebook.com\/blogdelaautoescuela","article_published_time":"2012-11-14T16:37:41+00:00","og_image":[{"width":400,"height":285,"url":"https:\/\/www.blogdelaautoescuela.com\/blog\/wp-content\/uploads\/2009\/04\/test-tactiles1.jpg","type":"image\/jpeg"}],"author":"usr_blogauto","twitter_misc":{"Escrito por":"usr_blogauto","Tiempo de lectura":"1 minuto"},"schema":{"@context":"https:\/\/schema.org","@graph":[{"@type":"WebPage","@id":"https:\/\/www.blogdelaautoescuela.com\/blog\/las-pantallas-tactiles-en-los-examenes-teoricos-de-conducir-como-muy-tarde-en-2014\/","url":"https:\/\/www.blogdelaautoescuela.com\/blog\/las-pantallas-tactiles-en-los-examenes-teoricos-de-conducir-como-muy-tarde-en-2014\/","name":"Examenes te\u00f3ricos de conducir informatizados como muy tarde en 2014","isPartOf":{"@id":"https:\/\/www.blogdelaautoescuela.com\/blog\/#website"},"primaryImageOfPage":{"@id":"https:\/\/www.blogdelaautoescuela.com\/blog\/las-pantallas-tactiles-en-los-examenes-teoricos-de-conducir-como-muy-tarde-en-2014\/#primaryimage"},"image":{"@id":"https:\/\/www.blogdelaautoescuela.com\/blog\/las-pantallas-tactiles-en-los-examenes-teoricos-de-conducir-como-muy-tarde-en-2014\/#primaryimage"},"thumbnailUrl":"https:\/\/www.blogdelaautoescuela.com\/blog\/wp-content\/uploads\/2009\/04\/test-tactiles1.jpg","datePublished":"2012-11-14T16:37:41+00:00","author":{"@id":"https:\/\/www.blogdelaautoescuela.com\/blog\/#\/schema\/person\/f209a64ca5dfe74b9acb6317240e792f"},"description":"En algunas jefaturas provinciales de tr\u00e1fico los ex\u00e1menes de conducir ya est\u00e1n informatizados, y en el resto como muy tarde, durante el primer trimestre del 2014","breadcrumb":{"@id":"https:\/\/www.blogdelaautoescuela.com\/blog\/las-pantallas-tactiles-en-los-examenes-teoricos-de-conducir-como-muy-tarde-en-2014\/#breadcrumb"},"inLanguage":"es","potentialAction":[{"@type":"ReadAction","target":["https:\/\/www.blogdelaautoescuela.com\/blog\/las-pantallas-tactiles-en-los-examenes-teoricos-de-conducir-como-muy-tarde-en-2014\/"]}]},{"@type":"ImageObject","inLanguage":"es","@id":"https:\/\/www.blogdelaautoescuela.com\/blog\/las-pantallas-tactiles-en-los-examenes-teoricos-de-conducir-como-muy-tarde-en-2014\/#primaryimage","url":"https:\/\/www.blogdelaautoescuela.com\/blog\/wp-content\/uploads\/2009\/04\/test-tactiles1.jpg","contentUrl":"https:\/\/www.blogdelaautoescuela.com\/blog\/wp-content\/uploads\/2009\/04\/test-tactiles1.jpg","width":400,"height":285},{"@type":"BreadcrumbList","@id":"https:\/\/www.blogdelaautoescuela.com\/blog\/las-pantallas-tactiles-en-los-examenes-teoricos-de-conducir-como-muy-tarde-en-2014\/#breadcrumb","itemListElement":[{"@type":"ListItem","position":1,"name":"Portada","item":"https:\/\/www.blogdelaautoescuela.com\/blog\/"},{"@type":"ListItem","position":2,"name":"Examenes te\u00f3ricos de conducir informatizados como muy tarde en 2014"}]},{"@type":"WebSite","@id":"https:\/\/www.blogdelaautoescuela.com\/blog\/#website","url":"https:\/\/www.blogdelaautoescuela.com\/blog\/","name":"Blog de la autoescuela","description":"Noticias sobre autoescuelas y seguridad vial","potentialAction":[{"@type":"SearchAction","target":{"@type":"EntryPoint","urlTemplate":"https:\/\/www.blogdelaautoescuela.com\/blog\/?s={search_term_string}"},"query-input":{"@type":"PropertyValueSpecification","valueRequired":true,"valueName":"search_term_string"}}],"inLanguage":"es"},{"@type":"Person","@id":"https:\/\/www.blogdelaautoescuela.com\/blog\/#\/schema\/person\/f209a64ca5dfe74b9acb6317240e792f","name":"usr_blogauto","image":{"@type":"ImageObject","inLanguage":"es","@id":"https:\/\/www.blogdelaautoescuela.com\/blog\/#\/schema\/person\/image\/","url":"https:\/\/secure.gravatar.com\/avatar\/d3939d4ea521ac8421c86d2980321cc9?s=96&d=mm&r=g","contentUrl":"https:\/\/secure.gravatar.com\/avatar\/d3939d4ea521ac8421c86d2980321cc9?s=96&d=mm&r=g","caption":"usr_blogauto"},"description":"Blog dedicado a la conducci\u00f3n, las autoescuelas y la seguridad vial. Est\u00e1 creado por un grupo de profesionales de la formaci\u00f3n vial que comparten inquietudes y experiencias. Aqu\u00ed\u00ad podr\u00e1s encontrar informaci\u00f3n variada sobre el d\u00ed\u00ada a d\u00ed\u00ada de la autoescuela, ex\u00e1menes, test o novedades y consejos para una conducci\u00f3n m\u00e1s segura.","sameAs":["http:\/\/www.blogdelaautoescuela.com\/","https:\/\/www.facebook.com\/blogdelaautoescuela","https:\/\/x.com\/autoescuelas"],"url":"https:\/\/www.blogdelaautoescuela.com\/blog\/author\/usr_blogauto\/"}]}},"jetpack_featured_media_url":"https:\/\/www.blogdelaautoescuela.com\/blog\/wp-content\/uploads\/2009\/04\/test-tactiles1.jpg","_links":{"self":[{"href":"https:\/\/www.blogdelaautoescuela.com\/blog\/wp-json\/wp\/v2\/posts\/10086","targetHints":{"allow":["GET"]}}],"collection":[{"href":"https:\/\/www.blogdelaautoescuela.com\/blog\/wp-json\/wp\/v2\/posts"}],"about":[{"href":"https:\/\/www.blogdelaautoescuela.com\/blog\/wp-json\/wp\/v2\/types\/post"}],"author":[{"embeddable":true,"href":"https:\/\/www.blogdelaautoescuela.com\/blog\/wp-json\/wp\/v2\/users\/1"}],"replies":[{"embeddable":true,"href":"https:\/\/www.blogdelaautoescuela.com\/blog\/wp-json\/wp\/v2\/comments?post=10086"}],"version-history":[{"count":0,"href":"https:\/\/www.blogdelaautoescuela.com\/blog\/wp-json\/wp\/v2\/posts\/10086\/revisions"}],"wp:featuredmedia":[{"embeddable":true,"href":"https:\/\/www.blogdelaautoescuela.com\/blog\/wp-json\/wp\/v2\/media\/924"}],"wp:attachment":[{"href":"https:\/\/www.blogdelaautoescuela.com\/blog\/wp-json\/wp\/v2\/media?parent=10086"}],"wp:term":[{"taxonomy":"category","embeddable":true,"href":"https:\/\/www.blogdelaautoescuela.com\/blog\/wp-json\/wp\/v2\/categories?post=10086"},{"taxonomy":"post_tag","embeddable":true,"href":"https:\/\/www.blogdelaautoescuela.com\/blog\/wp-json\/wp\/v2\/tags?post=10086"}],"curies":[{"name":"wp","href":"https:\/\/api.w.org\/{rel}","templated":true}]}}